{"id":259,"date":"2022-12-31T17:31:29","date_gmt":"2022-12-31T16:31:29","guid":{"rendered":"https:\/\/ww2.pinsaguelcycloclub.fr\/?p=259"},"modified":"2023-02-03T12:57:33","modified_gmt":"2023-02-03T11:57:33","slug":"nous-proposons-un-sejour-a-labeaume-en-ardeche-a-10-kms-de-vallon-pont-darc-2","status":"publish","type":"post","link":"https:\/\/ww2.pinsaguelcycloclub.fr\/index.php\/2022\/12\/31\/nous-proposons-un-sejour-a-labeaume-en-ardeche-a-10-kms-de-vallon-pont-darc-2\/","title":{"rendered":"Nous proposons un s\u00e9jour \u00e0 LABEAUME en Ard\u00e8che (\u00e0 10 kms de Vallon Pont d\u2019Arc)"},"content":{"rendered":"\n<p class=\"has-text-color\" style=\"color:#9c1212\">le fr\u00e8re de Bernard (Didier) et son club cyclos de Panazol ont fait un s\u00e9jour en mai dernier dans ce village vacances g\u00e9r\u00e9 par \u00ab&nbsp;Village Passion&nbsp;\u00bb et ont \u00e9t\u00e9 tr\u00e8s satisfaits. &nbsp;<\/p>\n\n\n\n<p class=\"has-accent-color has-text-color has-normal-font-size\">Didier a transf\u00e9r\u00e9 \u00e0 Bernard tous leurs circuits v\u00e9lo, souvent en 2 niveaux de difficult\u00e9. C\u2019est du \u00ab&nbsp;pain b\u00e9ni&nbsp;\u00bb pour nous.<\/p>\n\n\n\n<p class=\"has-primary-color has-text-color\">Nous serons h\u00e9berg\u00e9s en g\u00eetes de plain-pied (comme \u00e0 Montagnac)<\/p>\n\n\n\n<p>En pi\u00e8ces jointes&nbsp;: une carte pour mieux situ\u00e9 Labeaume et une br\u00e8ve pr\u00e9sentation du village,<\/p>\n\n\n\n<p>Ci-dessous le lien pour d\u00e9couvrir ce \u00ab&nbsp;village&nbsp;\u00bb <a href=\"https:\/\/labeaume.villagevacances.org\/\" target=\"_blank\" rel=\"noreferrer noopener\">https:\/\/labeaume.villagevacances.org\/<\/a><\/p>\n\n\n\n<p class=\"has-primary-color has-white-background-color has-text-color has-background\">Nous avons pein\u00e9 \u00e0 avoir une offre de leur part. Finalement, ils nous proposent un s\u00e9jour<\/p>\n\n\n\n<p>Du dimanche 17 septembre pour le repas du soir au dimanche 24 septembre apr\u00e8s le petit d\u00e9jeuner.<\/p>\n\n\n\n<p class=\"has-white-background-color has-background\">Par contre, ils exigent un engagement avant le 21.12.2022<\/p>\n\n\n\n<p>En tablant sur au moins 21 participants, le prix de ce s\u00e9jour est fix\u00e9 \u00e0 440 \u20ac comprenant&nbsp;:<\/p>\n\n\n\n<p class=\"has-white-background-color has-background\">+ la pension compl\u00e8te avec vin et caf\u00e9 aux repas<\/p>\n\n\n\n<p>+ l\u2019h\u00e9bergement en pavillon de plain-pied par couple ou par 2 personnes. Linge de toilette fourni.<\/p>\n\n\n\n<p>+ compris&nbsp;: garantie annulation \u2013 taxe de s\u00e9jour.<\/p>\n\n\n\n<p>Avant le 21.12.2022 adressez moi &nbsp;(Ch\u00e8ques \u00e0 l\u2019ordre du PCC)<\/p>\n\n\n\n<p>+ 1 ch\u00e8que de 140 \u20ac qui sera encaiss\u00e9 vers le 22.12.2022<\/p>\n\n\n\n<p>+ 1 ch\u00e8que de solde de 300 \u20ac qui sera encaiss\u00e9 d\u00e9but septembre 2023<\/p>\n\n\n\n<p>De ce solde, les licenci\u00e9s et les adh\u00e9rents d\u00e9duiront, comme par le pass\u00e9, 50 \u20ac (participation du club) donc ch\u00e8que de 250 \u20ac<\/p>\n\n\n\n<p>J\u2019attends vos deux ch\u00e8ques.<\/p>\n\n\n\n<p class=\"has-background-background-color has-background\"><\/p>\n\n\n\n<p>NB&nbsp;: le suppl\u00e9ment pour chambre individuelle est de 100 \u20ac \u00e0 inclure dans le deuxi\u00e8me ch\u00e8que.<\/p>\n\n\n\n<p><a href=\"https:\/\/web-mail.laposte.net\/main.html#\"><\/a><\/p>\n\n\n\n<figure class=\"wp-block-image size-full\"><img loading=\"lazy\" decoding=\"async\" width=\"720\" height=\"308\" src=\"http:\/\/ww2.pinsaguelcycloclub.fr\/wp-content\/uploads\/2021\/10\/PhotoGroupe30ans.jpg\" alt=\"\" class=\"wp-image-50\" srcset=\"https:\/\/ww2.pinsaguelcycloclub.fr\/wp-content\/uploads\/2021\/10\/PhotoGroupe30ans.jpg 720w, https:\/\/ww2.pinsaguelcycloclub.fr\/wp-content\/uploads\/2021\/10\/PhotoGroupe30ans-300x128.jpg 300w\" sizes=\"auto, (max-width: 720px) 100vw, 720px\" \/><\/figure>\n","protected":false},"excerpt":{"rendered":"<p>le fr\u00e8re de Bernard (Didier) et son club cyclos de Panazol ont fait un s\u00e9jour en mai dernier dans ce village vacances g\u00e9r\u00e9 par \u00ab&nbsp;Village Passion&nbsp;\u00bb et ont \u00e9t\u00e9 tr\u00e8s satisfaits. &nbsp; Didier a transf\u00e9r\u00e9 \u00e0 Bernard tous leurs circuits v\u00e9lo, souvent en 2 niveaux de difficult\u00e9. C\u2019est du \u00ab&nbsp;pain b\u00e9ni&nbsp;\u00bb pour nous. Nous serons [&hellip;]<\/p>\n","protected":false},"author":8,"featured_media":0,"comment_status":"open","ping_status":"open","sticky":false,"template":"","format":"standard","meta":{"footnotes":""},"categories":[8],"tags":[],"class_list":["post-259","post","type-post","status-publish","format-standard","hentry","category-sejours-2023"],"_links":{"self":[{"href":"https:\/\/ww2.pinsaguelcycloclub.fr\/index.php\/wp-json\/wp\/v2\/posts\/259","targetHints":{"allow":["GET"]}}],"collection":[{"href":"https:\/\/ww2.pinsaguelcycloclub.fr\/index.php\/wp-json\/wp\/v2\/posts"}],"about":[{"href":"https:\/\/ww2.pinsaguelcycloclub.fr\/index.php\/wp-json\/wp\/v2\/types\/post"}],"author":[{"embeddable":true,"href":"https:\/\/ww2.pinsaguelcycloclub.fr\/index.php\/wp-json\/wp\/v2\/users\/8"}],"replies":[{"embeddable":true,"href":"https:\/\/ww2.pinsaguelcycloclub.fr\/index.php\/wp-json\/wp\/v2\/comments?post=259"}],"version-history":[{"count":3,"href":"https:\/\/ww2.pinsaguelcycloclub.fr\/index.php\/wp-json\/wp\/v2\/posts\/259\/revisions"}],"predecessor-version":[{"id":370,"href":"https:\/\/ww2.pinsaguelcycloclub.fr\/index.php\/wp-json\/wp\/v2\/posts\/259\/revisions\/370"}],"wp:attachment":[{"href":"https:\/\/ww2.pinsaguelcycloclub.fr\/index.php\/wp-json\/wp\/v2\/media?parent=259"}],"wp:term":[{"taxonomy":"category","embeddable":true,"href":"https:\/\/ww2.pinsaguelcycloclub.fr\/index.php\/wp-json\/wp\/v2\/categories?post=259"},{"taxonomy":"post_tag","embeddable":true,"href":"https:\/\/ww2.pinsaguelcycloclub.fr\/index.php\/wp-json\/wp\/v2\/tags?post=259"}],"curies":[{"name":"wp","href":"https:\/\/api.w.org\/{rel}","templated":true}]}}